{"id":128,"date":"2019-02-21T21:32:35","date_gmt":"2019-02-22T05:32:35","guid":{"rendered":"http:\/\/francaisdumonde-losangeles.org\/?p=128"},"modified":"2021-07-13T12:04:24","modified_gmt":"2021-07-13T19:04:24","slug":"barometre-des-francais-etablis-hors-de-france","status":"publish","type":"post","link":"https:\/\/francaisdumonde-losangeles.org\/index.php\/2019\/02\/21\/barometre-des-francais-etablis-hors-de-france\/","title":{"rendered":"Barom\u00e8tre des Fran\u00e7ais \u00e9tablis hors de France"},"content":{"rendered":"\n<figure class=\"wp-block-image\"><img loading=\"lazy\" decoding=\"async\" width=\"730\" height=\"278\" src=\"https:\/\/francaisdumonde-losangeles.org\/wp-content\/uploads\/2019\/02\/20190221_Barometre.png\" alt=\"\" class=\"wp-image-129\" srcset=\"https:\/\/francaisdumonde-losangeles.org\/wp-content\/uploads\/2019\/02\/20190221_Barometre.png 730w, https:\/\/francaisdumonde-losangeles.org\/wp-content\/uploads\/2019\/02\/20190221_Barometre-300x114.png 300w\" sizes=\"auto, (max-width: 730px) 100vw, 730px\" \/><\/figure>\n\n\n\n<p>Participez au &#8220;barom\u00e8tre des Fran\u00e7ais \u00e9tablis hors de France&#8221; lanc\u00e9 par Fran\u00e7ais du Monde &#8211; adfe en partenariat avec Dauphine Junior Conseil, la Junior-Entreprise de l\u2019Universit\u00e9 Paris-Dauphine, afin de mieux saisir les \u00e9volutions des Fran\u00e7ais et Fran\u00e7aises de l&#8217;\u00e9tranger, et d&#8217;\u00eatre ainsi en mesure de mieux r\u00e9pondre \u00e0 leurs attentes, \u00e0 vos attentes.<\/p>\n\n\n\n<p>Pour participer au barom\u00e8tre:&nbsp;<a href=\"https:\/\/4506.fr.mp-track.com\/url-1119326231-4649500-05022019.html?fbclid=IwAR3u0lj_P1Lb06568i31_Z7tC8TY_74grqjoT8Lc_dNzdB62S-cmqOeDz9Y\" rel=\"noreferrer noopener\" target=\"_blank\">https:\/\/4506.fr.mp-track.com\/url-1119326231-4649500-05022019.html<\/a><\/p>\n","protected":false},"excerpt":{"rendered":"<p>Participez au &#8220;barom\u00e8tre des Fran\u00e7ais \u00e9tablis hors de France&#8221; lanc\u00e9 par Fran\u00e7ais du Monde &#8211; adfe en partenariat avec Dauphine Junior Conseil, la Junior-Entreprise de l\u2019Universit\u00e9 Paris-Dauphine, afin de mieux saisir les \u00e9volutions des Fran\u00e7ais et Fran\u00e7aises de l&#8217;\u00e9tranger, et d&#8217;\u00eatre ainsi en mesure de mieux r\u00e9pondre \u00e0 leurs attentes, \u00e0 vos attentes. Pour participer [&hellip;]<\/p>\n","protected":false},"author":2,"featured_media":0,"comment_status":"closed","ping_status":"open","sticky":false,"template":"","format":"standard","meta":{"footnotes":""},"categories":[5],"tags":[],"class_list":["post-128","post","type-post","status-publish","format-standard","hentry","category-informations"],"_links":{"self":[{"href":"https:\/\/francaisdumonde-losangeles.org\/index.php\/wp-json\/wp\/v2\/posts\/128","targetHints":{"allow":["GET"]}}],"collection":[{"href":"https:\/\/francaisdumonde-losangeles.org\/index.php\/wp-json\/wp\/v2\/posts"}],"about":[{"href":"https:\/\/francaisdumonde-losangeles.org\/index.php\/wp-json\/wp\/v2\/types\/post"}],"author":[{"embeddable":true,"href":"https:\/\/francaisdumonde-losangeles.org\/index.php\/wp-json\/wp\/v2\/users\/2"}],"replies":[{"embeddable":true,"href":"https:\/\/francaisdumonde-losangeles.org\/index.php\/wp-json\/wp\/v2\/comments?post=128"}],"version-history":[{"count":1,"href":"https:\/\/francaisdumonde-losangeles.org\/index.php\/wp-json\/wp\/v2\/posts\/128\/revisions"}],"predecessor-version":[{"id":130,"href":"https:\/\/francaisdumonde-losangeles.org\/index.php\/wp-json\/wp\/v2\/posts\/128\/revisions\/130"}],"wp:attachment":[{"href":"https:\/\/francaisdumonde-losangeles.org\/index.php\/wp-json\/wp\/v2\/media?parent=128"}],"wp:term":[{"taxonomy":"category","embeddable":true,"href":"https:\/\/francaisdumonde-losangeles.org\/index.php\/wp-json\/wp\/v2\/categories?post=128"},{"taxonomy":"post_tag","embeddable":true,"href":"https:\/\/francaisdumonde-losangeles.org\/index.php\/wp-json\/wp\/v2\/tags?post=128"}],"curies":[{"name":"wp","href":"https:\/\/api.w.org\/{rel}","templated":true}]}}