{"id":92,"date":"2019-01-28T01:07:11","date_gmt":"2019-01-28T00:07:11","guid":{"rendered":"http:\/\/francaisdumonde-losangeles.org\/?p=92"},"modified":"2019-02-17T21:46:29","modified_gmt":"2019-02-18T05:46:29","slug":"retour-sur-la-conference-surviving-the-holocaust","status":"publish","type":"post","link":"https:\/\/francaisdumonde-losangeles.org\/index.php\/2019\/01\/28\/retour-sur-la-conference-surviving-the-holocaust\/","title":{"rendered":"Retour sur la conf\u00e9rence : Surviving the Holocaust"},"content":{"rendered":"\n<figure class=\"wp-block-image\"><img loading=\"lazy\" decoding=\"async\" width=\"960\" height=\"720\" src=\"https:\/\/francaisdumonde-losangeles.org\/wp-content\/uploads\/2019\/02\/2019-01-27_Conf_photo.jpg\" alt=\"\" class=\"wp-image-6\" srcset=\"https:\/\/francaisdumonde-losangeles.org\/wp-content\/uploads\/2019\/02\/2019-01-27_Conf_photo.jpg 960w, https:\/\/francaisdumonde-losangeles.org\/wp-content\/uploads\/2019\/02\/2019-01-27_Conf_photo-300x225.jpg 300w, https:\/\/francaisdumonde-losangeles.org\/wp-content\/uploads\/2019\/02\/2019-01-27_Conf_photo-768x576.jpg 768w\" sizes=\"auto, (max-width: 960px) 100vw, 960px\" \/><\/figure>\n\n\n\n<p>\u00c0 l\u2019occasion de la journ\u00e9e internationale d\u00e9di\u00e9e \u00e0 la m\u00e9moire des victimes de l\u2019Holocauste (27 janvier), Monique Saigal-Escudero a partag\u00e9 avec nous son histoire, celle d\u2019une enfant cach\u00e9e pendant la Seconde guerre mondiale.<\/p>\n\n\n\n<p>Comme l\u2019a rappel\u00e9 notre Consul g\u00e9n\u00e9ral adjoint Matthieu Clouvel en ouverture, le devoir de m\u00e9moire doit se poursuivre sans rel\u00e2che, face aux regains d\u2019antis\u00e9mitisme que connaissent nos soci\u00e9t\u00e9s. Le t\u00e9moignage de Monique Saigal-Escudero est pr\u00e9cieux et doit \u00eatre partag\u00e9.<\/p>\n\n\n\n<p>Fran\u00e7ais du Monde Los Angeles remercie vivement l\u2019association Oneg Shabbat -North East Los Angeles de l\u2019avoir associ\u00e9 \u00e0 l\u2019organisation de cet \u00e9v\u00e9nement, ainsi que le Temple Beth Israel de Eagle Rock pour avoir accueilli la conf\u00e9rence.<\/p>\n","protected":false},"excerpt":{"rendered":"<p>\u00c0 l\u2019occasion de la journ\u00e9e internationale d\u00e9di\u00e9e \u00e0 la m\u00e9moire des victimes de l\u2019Holocauste (27 janvier), Monique Saigal-Escudero a partag\u00e9 avec nous son histoire, celle d\u2019une enfant cach\u00e9e pendant la Seconde guerre mondiale. Comme l\u2019a rappel\u00e9 notre Consul g\u00e9n\u00e9ral adjoint Matthieu Clouvel en ouverture, le devoir de m\u00e9moire doit se poursuivre sans rel\u00e2che, face aux [&hellip;]<\/p>\n","protected":false},"author":2,"featured_media":0,"comment_status":"closed","ping_status":"open","sticky":false,"template":"","format":"standard","meta":{"footnotes":""},"categories":[3],"tags":[],"class_list":["post-92","post","type-post","status-publish","format-standard","hentry","category-conference"],"_links":{"self":[{"href":"https:\/\/francaisdumonde-losangeles.org\/index.php\/wp-json\/wp\/v2\/posts\/92","targetHints":{"allow":["GET"]}}],"collection":[{"href":"https:\/\/francaisdumonde-losangeles.org\/index.php\/wp-json\/wp\/v2\/posts"}],"about":[{"href":"https:\/\/francaisdumonde-losangeles.org\/index.php\/wp-json\/wp\/v2\/types\/post"}],"author":[{"embeddable":true,"href":"https:\/\/francaisdumonde-losangeles.org\/index.php\/wp-json\/wp\/v2\/users\/2"}],"replies":[{"embeddable":true,"href":"https:\/\/francaisdumonde-losangeles.org\/index.php\/wp-json\/wp\/v2\/comments?post=92"}],"version-history":[{"count":1,"href":"https:\/\/francaisdumonde-losangeles.org\/index.php\/wp-json\/wp\/v2\/posts\/92\/revisions"}],"predecessor-version":[{"id":93,"href":"https:\/\/francaisdumonde-losangeles.org\/index.php\/wp-json\/wp\/v2\/posts\/92\/revisions\/93"}],"wp:attachment":[{"href":"https:\/\/francaisdumonde-losangeles.org\/index.php\/wp-json\/wp\/v2\/media?parent=92"}],"wp:term":[{"taxonomy":"category","embeddable":true,"href":"https:\/\/francaisdumonde-losangeles.org\/index.php\/wp-json\/wp\/v2\/categories?post=92"},{"taxonomy":"post_tag","embeddable":true,"href":"https:\/\/francaisdumonde-losangeles.org\/index.php\/wp-json\/wp\/v2\/tags?post=92"}],"curies":[{"name":"wp","href":"https:\/\/api.w.org\/{rel}","templated":true}]}}